{"id":4271,"date":"2025-11-29T13:49:51","date_gmt":"2025-11-29T12:49:51","guid":{"rendered":"https:\/\/www.wtravl.com\/?p=4271"},"modified":"2025-11-29T13:49:51","modified_gmt":"2025-11-29T12:49:51","slug":"un-homme-declare-mort-retrouve-vivant-17-ans-plus-tard-loin-de-toute-civilisation","status":"publish","type":"post","link":"https:\/\/www.wtravl.com\/fr\/news-monde\/un-homme-declare-mort-retrouve-vivant-17-ans-plus-tard-loin-de-toute-civilisation\/4271\/","title":{"rendered":"Un homme d\u00e9clar\u00e9 mort retrouv\u00e9 vivant 17 ans plus tard&#8230; loin de toute civilisation"},"content":{"rendered":"<p>Un homme originaire de Rouss\u00e9, en Bulgarie, avait disparu en 2008 sans laisser de trace. Faute de nouvelles, les autorit\u00e9s avaient fini par le d\u00e9clarer officiellement mort en 2013.<\/p>\n<p>Dix-sept ans apr\u00e8s sa disparition, des gardes du parc national de Pirin ont d\u00e9couvert une tente install\u00e9e ill\u00e9galement dans une zone prot\u00e9g\u00e9e. \u00c0 l\u2019int\u00e9rieur, ils sont tomb\u00e9s sur un homme vivant en ermite, m\u00e9fiant et sans papiers.<\/p>\n<p>Les forces de l\u2019ordre ont rapidement \u00e9tabli qu\u2019il s\u2019agissait de l\u2019homme d\u00e9clar\u00e9 mort douze ans plus t\u00f4t. Il vivait isol\u00e9 volontairement, loin de toute civilisation, en totale autarcie.<\/p>\n<p>S\u2019il risque une amende pour camping ill\u00e9gal, l\u2019affaire relance surtout les questions sur les failles dans le suivi des personnes disparues et la facilit\u00e9 avec laquelle il a pu vivre invisible pendant pr\u00e8s de deux d\u00e9cennies.<\/p>\n","protected":false},"excerpt":{"rendered":"<p>Un homme originaire de Rouss\u00e9, en Bulgarie, avait disparu en 2008 sans laisser de trace. Faute de nouvelles, les autorit\u00e9s avaient fini par le d\u00e9clarer officiellement mort en 2013. Dix-sept ans apr\u00e8s sa disparition, des gardes du parc national de Pirin ont d\u00e9couvert une tente install\u00e9e ill\u00e9galement dans une zone prot\u00e9g\u00e9e. \u00c0 l\u2019int\u00e9rieur, ils sont [&hellip;]<\/p>\n","protected":false},"author":1,"featured_media":4281,"comment_status":"open","ping_status":"open","sticky":false,"template":"","format":"standard","meta":{"footnotes":""},"categories":[77,65],"tags":[],"class_list":{"0":"post-4271","1":"post","2":"type-post","3":"status-publish","4":"format-standard","5":"has-post-thumbnail","7":"category-extra","8":"category-news-monde"},"yoast_head":"<!-- This site is optimized with the Yoast SEO plugin v26.2 - https:\/\/yoast.com\/wordpress\/plugins\/seo\/ -->\n<title>Un homme d\u00e9clar\u00e9 mort retrouv\u00e9 vivant 17 ans plus tard... loin de toute civilisation<\/title>\n<meta name=\"robots\" content=\"index, follow, max-snippet:-1, max-image-preview:large, max-video-preview:-1\" \/>\n<link rel=\"canonical\" href=\"https:\/\/www.wtravl.com\/fr\/news-monde\/un-homme-declare-mort-retrouve-vivant-17-ans-plus-tard-loin-de-toute-civilisation\/4271\/\" \/>\n<meta property=\"og:locale\" content=\"fr_FR\" \/>\n<meta property=\"og:type\" content=\"article\" \/>\n<meta property=\"og:title\" content=\"Un homme d\u00e9clar\u00e9 mort retrouv\u00e9 vivant 17 ans plus tard... loin de toute civilisation\" \/>\n<meta property=\"og:description\" content=\"Un homme originaire de Rouss\u00e9, en Bulgarie, avait disparu en 2008 sans laisser de trace. Faute de nouvelles, les autorit\u00e9s avaient fini par le d\u00e9clarer officiellement mort en 2013. Dix-sept ans apr\u00e8s sa disparition, des gardes du parc national de Pirin ont d\u00e9couvert une tente install\u00e9e ill\u00e9galement dans une zone prot\u00e9g\u00e9e. \u00c0 l\u2019int\u00e9rieur, ils sont [&hellip;]\" \/>\n<meta property=\"og:url\" content=\"https:\/\/www.wtravl.com\/fr\/news-monde\/un-homme-declare-mort-retrouve-vivant-17-ans-plus-tard-loin-de-toute-civilisation\/4271\/\" \/>\n<meta property=\"og:site_name\" content=\"wtravl.com\" \/>\n<meta property=\"article:published_time\" content=\"2025-11-29T12:49:51+00:00\" \/>\n<meta property=\"og:image\" content=\"https:\/\/www.wtravl.com\/wp-content\/uploads\/2025\/11\/Man-Declared-Dead-Found-Alive-17-Years-Later.-Voluntarily-Isolated-in-a-Mountain--1024x683.png\" \/>\n\t<meta property=\"og:image:width\" content=\"1024\" \/>\n\t<meta property=\"og:image:height\" content=\"683\" \/>\n\t<meta property=\"og:image:type\" content=\"image\/png\" \/>\n<meta name=\"author\" content=\"axel\" \/>\n<meta name=\"twitter:card\" content=\"summary_large_image\" \/>\n<meta name=\"twitter:label1\" content=\"\u00c9crit par\" \/>\n\t<meta name=\"twitter:data1\" content=\"axel\" \/>\n\t<meta name=\"twitter:label2\" content=\"Dur\u00e9e de lecture estim\u00e9e\" \/>\n\t<meta name=\"twitter:data2\" content=\"1 minute\" \/>\n<!-- \/ Yoast SEO plugin. -->","yoast_head_json":{"title":"Un homme d\u00e9clar\u00e9 mort retrouv\u00e9 vivant 17 ans plus tard... loin de toute civilisation","robots":{"index":"index","follow":"follow","max-snippet":"max-snippet:-1","max-image-preview":"max-image-preview:large","max-video-preview":"max-video-preview:-1"},"canonical":"https:\/\/www.wtravl.com\/fr\/news-monde\/un-homme-declare-mort-retrouve-vivant-17-ans-plus-tard-loin-de-toute-civilisation\/4271\/","og_locale":"fr_FR","og_type":"article","og_title":"Un homme d\u00e9clar\u00e9 mort retrouv\u00e9 vivant 17 ans plus tard... loin de toute civilisation","og_description":"Un homme originaire de Rouss\u00e9, en Bulgarie, avait disparu en 2008 sans laisser de trace. Faute de nouvelles, les autorit\u00e9s avaient fini par le d\u00e9clarer officiellement mort en 2013. Dix-sept ans apr\u00e8s sa disparition, des gardes du parc national de Pirin ont d\u00e9couvert une tente install\u00e9e ill\u00e9galement dans une zone prot\u00e9g\u00e9e. \u00c0 l\u2019int\u00e9rieur, ils sont [&hellip;]","og_url":"https:\/\/www.wtravl.com\/fr\/news-monde\/un-homme-declare-mort-retrouve-vivant-17-ans-plus-tard-loin-de-toute-civilisation\/4271\/","og_site_name":"wtravl.com","article_published_time":"2025-11-29T12:49:51+00:00","og_image":[{"width":1024,"height":683,"url":"https:\/\/www.wtravl.com\/wp-content\/uploads\/2025\/11\/Man-Declared-Dead-Found-Alive-17-Years-Later.-Voluntarily-Isolated-in-a-Mountain--1024x683.png","type":"image\/png"}],"author":"axel","twitter_card":"summary_large_image","twitter_misc":{"\u00c9crit par":"axel","Dur\u00e9e de lecture estim\u00e9e":"1 minute"},"schema":{"@context":"https:\/\/schema.org","@graph":[{"@type":"NewsArticle","@id":"https:\/\/www.wtravl.com\/fr\/news-monde\/un-homme-declare-mort-retrouve-vivant-17-ans-plus-tard-loin-de-toute-civilisation\/4271\/#article","isPartOf":{"@id":"https:\/\/www.wtravl.com\/fr\/news-monde\/un-homme-declare-mort-retrouve-vivant-17-ans-plus-tard-loin-de-toute-civilisation\/4271\/"},"author":{"name":"axel","@id":"https:\/\/www.wtravl.com\/fr\/#\/schema\/person\/af2938b91969b574f8dbca23160dd896"},"headline":"Un homme d\u00e9clar\u00e9 mort retrouv\u00e9 vivant 17 ans plus tard&#8230; loin de toute civilisation","datePublished":"2025-11-29T12:49:51+00:00","mainEntityOfPage":{"@id":"https:\/\/www.wtravl.com\/fr\/news-monde\/un-homme-declare-mort-retrouve-vivant-17-ans-plus-tard-loin-de-toute-civilisation\/4271\/"},"wordCount":164,"commentCount":0,"publisher":{"@id":"https:\/\/www.wtravl.com\/fr\/#organization"},"image":{"@id":"https:\/\/www.wtravl.com\/fr\/news-monde\/un-homme-declare-mort-retrouve-vivant-17-ans-plus-tard-loin-de-toute-civilisation\/4271\/#primaryimage"},"thumbnailUrl":"https:\/\/www.wtravl.com\/wp-content\/uploads\/2025\/11\/Man-Declared-Dead-Found-Alive-17-Years-Later.-Voluntarily-Isolated-in-a-Mountain-.png","articleSection":["extra","News"],"inLanguage":"fr-FR","potentialAction":[{"@type":"CommentAction","name":"Comment","target":["https:\/\/www.wtravl.com\/fr\/news-monde\/un-homme-declare-mort-retrouve-vivant-17-ans-plus-tard-loin-de-toute-civilisation\/4271\/#respond"]}]},{"@type":"WebPage","@id":"https:\/\/www.wtravl.com\/fr\/news-monde\/un-homme-declare-mort-retrouve-vivant-17-ans-plus-tard-loin-de-toute-civilisation\/4271\/","url":"https:\/\/www.wtravl.com\/fr\/news-monde\/un-homme-declare-mort-retrouve-vivant-17-ans-plus-tard-loin-de-toute-civilisation\/4271\/","name":"Un homme d\u00e9clar\u00e9 mort retrouv\u00e9 vivant 17 ans plus tard... loin de toute civilisation","isPartOf":{"@id":"https:\/\/www.wtravl.com\/fr\/#website"},"primaryImageOfPage":{"@id":"https:\/\/www.wtravl.com\/fr\/news-monde\/un-homme-declare-mort-retrouve-vivant-17-ans-plus-tard-loin-de-toute-civilisation\/4271\/#primaryimage"},"image":{"@id":"https:\/\/www.wtravl.com\/fr\/news-monde\/un-homme-declare-mort-retrouve-vivant-17-ans-plus-tard-loin-de-toute-civilisation\/4271\/#primaryimage"},"thumbnailUrl":"https:\/\/www.wtravl.com\/wp-content\/uploads\/2025\/11\/Man-Declared-Dead-Found-Alive-17-Years-Later.-Voluntarily-Isolated-in-a-Mountain-.png","datePublished":"2025-11-29T12:49:51+00:00","breadcrumb":{"@id":"https:\/\/www.wtravl.com\/fr\/news-monde\/un-homme-declare-mort-retrouve-vivant-17-ans-plus-tard-loin-de-toute-civilisation\/4271\/#breadcrumb"},"inLanguage":"fr-FR","potentialAction":[{"@type":"ReadAction","target":["https:\/\/www.wtravl.com\/fr\/news-monde\/un-homme-declare-mort-retrouve-vivant-17-ans-plus-tard-loin-de-toute-civilisation\/4271\/"]}]},{"@type":"ImageObject","inLanguage":"fr-FR","@id":"https:\/\/www.wtravl.com\/fr\/news-monde\/un-homme-declare-mort-retrouve-vivant-17-ans-plus-tard-loin-de-toute-civilisation\/4271\/#primaryimage","url":"https:\/\/www.wtravl.com\/wp-content\/uploads\/2025\/11\/Man-Declared-Dead-Found-Alive-17-Years-Later.-Voluntarily-Isolated-in-a-Mountain-.png","contentUrl":"https:\/\/www.wtravl.com\/wp-content\/uploads\/2025\/11\/Man-Declared-Dead-Found-Alive-17-Years-Later.-Voluntarily-Isolated-in-a-Mountain-.png","width":1536,"height":1024,"caption":"Man Declared Dead Found Alive 17 Years Later... Voluntarily Isolated in a Mountain -"},{"@type":"BreadcrumbList","@id":"https:\/\/www.wtravl.com\/fr\/news-monde\/un-homme-declare-mort-retrouve-vivant-17-ans-plus-tard-loin-de-toute-civilisation\/4271\/#breadcrumb","itemListElement":[{"@type":"ListItem","position":1,"name":"Accueil","item":"https:\/\/www.wtravl.com\/fr\/"},{"@type":"ListItem","position":2,"name":"Un homme d\u00e9clar\u00e9 mort retrouv\u00e9 vivant 17 ans plus tard&#8230; loin de toute civilisation"}]},{"@type":"WebSite","@id":"https:\/\/www.wtravl.com\/fr\/#website","url":"https:\/\/www.wtravl.com\/fr\/","name":"wtravl.com","description":"Travel Tips, News, Entertainment, Sports &amp; Health","publisher":{"@id":"https:\/\/www.wtravl.com\/fr\/#organization"},"potentialAction":[{"@type":"SearchAction","target":{"@type":"EntryPoint","urlTemplate":"https:\/\/www.wtravl.com\/fr\/?s={search_term_string}"},"query-input":{"@type":"PropertyValueSpecification","valueRequired":true,"valueName":"search_term_string"}}],"inLanguage":"fr-FR"},{"@type":"Organization","@id":"https:\/\/www.wtravl.com\/fr\/#organization","name":"wtravl.com","url":"https:\/\/www.wtravl.com\/fr\/","logo":{"@type":"ImageObject","inLanguage":"fr-FR","@id":"https:\/\/www.wtravl.com\/fr\/#\/schema\/logo\/image\/","url":"https:\/\/wtravl.com\/wp-content\/uploads\/2022\/12\/wtravl-animated2-logo.gif","contentUrl":"https:\/\/wtravl.com\/wp-content\/uploads\/2022\/12\/wtravl-animated2-logo.gif","width":770,"height":317,"caption":"wtravl.com"},"image":{"@id":"https:\/\/www.wtravl.com\/fr\/#\/schema\/logo\/image\/"}},{"@type":"Person","@id":"https:\/\/www.wtravl.com\/fr\/#\/schema\/person\/af2938b91969b574f8dbca23160dd896","name":"axel","image":{"@type":"ImageObject","inLanguage":"fr-FR","@id":"https:\/\/www.wtravl.com\/fr\/#\/schema\/person\/image\/","url":"https:\/\/secure.gravatar.com\/avatar\/3cecf798a1697697f8d21586adabad288e422be4ffc981601140e3703712b684?s=96&d=mm&r=g","contentUrl":"https:\/\/secure.gravatar.com\/avatar\/3cecf798a1697697f8d21586adabad288e422be4ffc981601140e3703712b684?s=96&d=mm&r=g","caption":"axel"},"sameAs":["http:\/\/wtravl.com"],"url":"https:\/\/www.wtravl.com\/fr\/author\/axel\/"}]}},"blog_post_layout_featured_media_urls":{"thumbnail":["https:\/\/www.wtravl.com\/wp-content\/uploads\/2025\/11\/Man-Declared-Dead-Found-Alive-17-Years-Later.-Voluntarily-Isolated-in-a-Mountain--150x150.png",150,150,true],"full":["https:\/\/www.wtravl.com\/wp-content\/uploads\/2025\/11\/Man-Declared-Dead-Found-Alive-17-Years-Later.-Voluntarily-Isolated-in-a-Mountain-.png",1536,1024,false]},"categories_names":{"77":{"name":"extra","link":"https:\/\/www.wtravl.com\/fr\/extra\/"},"65":{"name":"News","link":"https:\/\/www.wtravl.com\/fr\/news-monde\/"}},"tags_names":[],"comments_number":"0","_links":{"self":[{"href":"https:\/\/www.wtravl.com\/fr\/wp-json\/wp\/v2\/posts\/4271","targetHints":{"allow":["GET"]}}],"collection":[{"href":"https:\/\/www.wtravl.com\/fr\/wp-json\/wp\/v2\/posts"}],"about":[{"href":"https:\/\/www.wtravl.com\/fr\/wp-json\/wp\/v2\/types\/post"}],"author":[{"embeddable":true,"href":"https:\/\/www.wtravl.com\/fr\/wp-json\/wp\/v2\/users\/1"}],"replies":[{"embeddable":true,"href":"https:\/\/www.wtravl.com\/fr\/wp-json\/wp\/v2\/comments?post=4271"}],"version-history":[{"count":1,"href":"https:\/\/www.wtravl.com\/fr\/wp-json\/wp\/v2\/posts\/4271\/revisions"}],"predecessor-version":[{"id":4272,"href":"https:\/\/www.wtravl.com\/fr\/wp-json\/wp\/v2\/posts\/4271\/revisions\/4272"}],"wp:featuredmedia":[{"embeddable":true,"href":"https:\/\/www.wtravl.com\/fr\/wp-json\/wp\/v2\/media\/4281"}],"wp:attachment":[{"href":"https:\/\/www.wtravl.com\/fr\/wp-json\/wp\/v2\/media?parent=4271"}],"wp:term":[{"taxonomy":"category","embeddable":true,"href":"https:\/\/www.wtravl.com\/fr\/wp-json\/wp\/v2\/categories?post=4271"},{"taxonomy":"post_tag","embeddable":true,"href":"https:\/\/www.wtravl.com\/fr\/wp-json\/wp\/v2\/tags?post=4271"}],"curies":[{"name":"wp","href":"https:\/\/api.w.org\/{rel}","templated":true}]}}